{"id":1354,"date":"2020-04-02T14:40:25","date_gmt":"2020-04-02T12:40:25","guid":{"rendered":"https:\/\/oke.jaworzno.pl\/www3\/?p=1354"},"modified":"2020-04-02T14:41:24","modified_gmt":"2020-04-02T12:41:24","slug":"arkusze-maturalne-stara-formula-rok-2013","status":"publish","type":"post","link":"https:\/\/oke.jaworzno.pl\/www3\/2020\/04\/02\/arkusze-maturalne-stara-formula-rok-2013\/","title":{"rendered":"Arkusze maturalne \u201estara\u201d formu\u0142a \u2013 rok 2013"},"content":{"rendered":"\n<h2 class=\"wp-block-heading\">7 maja 2013 r.<\/h2>\n\n\n\n<h3 class=\"wp-block-heading\">J\u0119zyk polski<\/h3>\n\n\n\n<p>poziom podstawowy \u2013&nbsp;<a href=\"https:\/\/cke.gov.pl\/images\/_EGZAMIN_MATURALNY_OD_2015\/Arkusze_egzaminacyjne\/2013\/polski_PP.pdf\">arkusz&nbsp;<\/a>+&nbsp;<a href=\"https:\/\/cke.gov.pl\/images\/_EGZAMIN_MATURALNY_OD_2015\/Arkusze_egzaminacyjne\/2013\/Kryteria-Oceniania\/polski_model_PP.pdf\">kryteria oceniania<\/a><br>poziom podstawowy \u2013&nbsp;<a href=\"https:\/\/cke.gov.pl\/images\/_EGZAMIN_MATURALNY_OD_2015\/Arkusze_egzaminacyjne\/2013\/polski_NS_PP.pdf\">arkusz dla os\u00f3b nies\u0142ysz\u0105cych<\/a>&nbsp;+&nbsp;<a href=\"https:\/\/cke.gov.pl\/images\/_EGZAMIN_MATURALNY_OD_2015\/Arkusze_egzaminacyjne\/2013\/Kryteria-Oceniania\/polski_model_PP_NS.pdf\">kryteria oceniania<\/a><\/p>\n\n\n\n<h3 class=\"wp-block-heading\">Wiedza o ta\u0144cu<\/h3>\n\n\n\n<p>poziom podstawowy \u2013&nbsp;<a href=\"https:\/\/cke.gov.pl\/images\/_EGZAMIN_MATURALNY_OD_2015\/Arkusze_egzaminacyjne\/2013\/wot_PP.pdf\">arkusz<\/a>&nbsp;+&nbsp;<a href=\"https:\/\/cke.gov.pl\/images\/_EGZAMIN_MATURALNY_OD_2015\/Arkusze_egzaminacyjne\/2013\/Kryteria-Oceniania\/WOT_model_PP.pdf\">kryteria oceniania<\/a><br>poziom rozszerzony \u2013&nbsp;<a href=\"https:\/\/cke.gov.pl\/images\/_EGZAMIN_MATURALNY_OD_2015\/Arkusze_egzaminacyjne\/2013\/wot_PR_.pdf\">arkusz<\/a>&nbsp;+&nbsp;<a href=\"https:\/\/cke.gov.pl\/images\/_EGZAMIN_MATURALNY_OD_2015\/Arkusze_egzaminacyjne\/2013\/Kryteria-Oceniania\/WOT_model_PR.pdf\">kryteria oceniania<\/a><\/p>\n\n\n\n<h2 class=\"wp-block-heading\">8 maja 2013 r.<\/h2>\n\n\n\n<h3 class=\"wp-block-heading\">Matematyka<\/h3>\n\n\n\n<p>poziom podstawowy \u2013&nbsp;<a href=\"https:\/\/cke.gov.pl\/images\/_EGZAMIN_MATURALNY_OD_2015\/Arkusze_egzaminacyjne\/2013\/matematyka_PP_A.pdf\">arkusz<\/a>&nbsp;+&nbsp;<a href=\"https:\/\/cke.gov.pl\/images\/_EGZAMIN_MATURALNY_OD_2015\/Arkusze_egzaminacyjne\/2013\/Kryteria-Oceniania\/matematyka-PP.pdf\">kryteria oceniania<\/a><\/p>\n\n\n\n<h3 class=\"wp-block-heading\">Historia muzyki<\/h3>\n\n\n\n<p>poziom podstawowy \u2013&nbsp;<a href=\"https:\/\/cke.gov.pl\/images\/_EGZAMIN_MATURALNY_OD_2015\/Arkusze_egzaminacyjne\/2013\/hist_muz_PP.pdf\">arkusz<\/a>&nbsp;+&nbsp;<a href=\"https:\/\/cke.gov.pl\/images\/_EGZAMIN_MATURALNY_OD_2015\/Arkusze_egzaminacyjne\/2013\/Kryteria-Oceniania\/HM_model_PP.pdf\">kryteria oceniania<\/a><br>poziom rozszerzony \u2013&nbsp;<a href=\"https:\/\/cke.gov.pl\/images\/_EGZAMIN_MATURALNY_OD_2015\/Arkusze_egzaminacyjne\/2013\/hist_muz_PR.pdf\">arkusz<\/a>&nbsp;+&nbsp;<a href=\"https:\/\/cke.gov.pl\/images\/_EGZAMIN_MATURALNY_OD_2015\/Arkusze_egzaminacyjne\/2013\/Kryteria-Oceniania\/HM_model_PR.pdf\">kryteria oceniania<\/a><\/p>\n\n\n\n<h2 class=\"wp-block-heading\">9 maja 2013 r.<\/h2>\n\n\n\n<h3 class=\"wp-block-heading\">J\u0119zyk angielski<\/h3>\n\n\n\n<p>poziom podstawowy \u2013&nbsp;<a href=\"https:\/\/cke.gov.pl\/images\/_EGZAMIN_MATURALNY_OD_2015\/Arkusze_egzaminacyjne\/2013\/angielski_PP.pdf\">arkusz<\/a>&nbsp;+&nbsp;<a href=\"https:\/\/cke.gov.pl\/images\/_EGZAMIN_MATURALNY_OD_2015\/Arkusze_egzaminacyjne\/2013\/PP-transkrypcja.pdf\">transkrypcja<\/a>&nbsp;+&nbsp;<a href=\"https:\/\/cke.gov.pl\/images\/_EGZAMIN_MATURALNY_OD_2015\/Arkusze_egzaminacyjne\/2013\/Kryteria-Oceniania\/PP_angielski.pdf\">kryteria oceniania<\/a>&nbsp; +&nbsp;&nbsp;<a href=\"https:\/\/cke.gov.pl\/images\/_EGZAMIN_MATURALNY_OD_2015\/Arkusze_egzaminacyjne\/2013\/20130522-angielski.pdf\">Informacja o zadaniu 4.<\/a><br>poziom podstawowy \u2013&nbsp;<a href=\"https:\/\/cke.gov.pl\/images\/_EGZAMIN_MATURALNY_OD_2015\/Arkusze_egzaminacyjne\/2013\/angielski_NS_PP.pdf\">arkusz dla os\u00f3b nies\u0142ysz\u0105cych<\/a>&nbsp;+&nbsp;<a href=\"https:\/\/cke.gov.pl\/images\/_EGZAMIN_MATURALNY_OD_2015\/Arkusze_egzaminacyjne\/2013\/Kryteria-Oceniania\/NS_angielski.pdf\">kryteria oceniania<\/a><br>poziom rozszerzony \u2013&nbsp;<a href=\"https:\/\/cke.gov.pl\/images\/_EGZAMIN_MATURALNY_OD_2015\/Arkusze_egzaminacyjne\/2013\/angielski_PR_I.pdf\">arkusz, cz\u0119\u015b\u0107 1.<\/a><br>poziom rozszerzony \u2013&nbsp;<a href=\"https:\/\/cke.gov.pl\/images\/_EGZAMIN_MATURALNY_OD_2015\/Arkusze_egzaminacyjne\/2013\/angielski_PR_II.pdf\">arkusz, cz\u0119\u015b\u0107 2.<\/a>&nbsp;+&nbsp;<a href=\"https:\/\/cke.gov.pl\/images\/_EGZAMIN_MATURALNY_OD_2015\/Arkusze_egzaminacyjne\/2013\/PR-transkrypcja-zatwierdzona.pdf\">transkrypcja<\/a>&nbsp;+&nbsp;<a href=\"https:\/\/cke.gov.pl\/images\/_EGZAMIN_MATURALNY_OD_2015\/Arkusze_egzaminacyjne\/2013\/Kryteria-Oceniania\/PR_angielski.pdf\">kryteria oceniania<\/a><br>poziom dwuj\u0119zyczny \u2013&nbsp;<a href=\"https:\/\/cke.gov.pl\/images\/_EGZAMIN_MATURALNY_OD_2015\/Arkusze_egzaminacyjne\/2013\/angielski_DJ.pdf\">arkusz<\/a>&nbsp;+&nbsp;<a href=\"https:\/\/cke.gov.pl\/images\/_EGZAMIN_MATURALNY_OD_2015\/Arkusze_egzaminacyjne\/2013\/DJ-transkrypcja.pdf\">transkrypcja<\/a>&nbsp;+&nbsp;<a href=\"https:\/\/cke.gov.pl\/images\/_EGZAMIN_MATURALNY_OD_2015\/Arkusze_egzaminacyjne\/2013\/Kryteria-Oceniania\/DJ_angielski.pdf\">kryteria oceniania<\/a><\/p>\n\n\n\n<h2 class=\"wp-block-heading\">10 maja 2013 r.<\/h2>\n\n\n\n<h3 class=\"wp-block-heading\">Matematyka<\/h3>\n\n\n\n<p>poziom rozszerzony \u2013&nbsp;<a href=\"https:\/\/cke.gov.pl\/images\/_EGZAMIN_MATURALNY_OD_2015\/Arkusze_egzaminacyjne\/2013\/matematyka_PR.pdf\">arkusz<\/a>&nbsp;+&nbsp;<a href=\"https:\/\/cke.gov.pl\/images\/_EGZAMIN_MATURALNY_OD_2015\/Arkusze_egzaminacyjne\/2013\/Kryteria-Oceniania\/matematyka-PR.pdf\">kryteria oceniania<\/a><\/p>\n\n\n\n<h3 class=\"wp-block-heading\">J\u0119zyk polski<\/h3>\n\n\n\n<p>poziom rozszerzony \u2013&nbsp;<a href=\"https:\/\/cke.gov.pl\/images\/_EGZAMIN_MATURALNY_OD_2015\/Arkusze_egzaminacyjne\/2013\/polski_PR.pdf\">arkusz<\/a>&nbsp;+&nbsp;<a href=\"https:\/\/cke.gov.pl\/images\/_EGZAMIN_MATURALNY_OD_2015\/Arkusze_egzaminacyjne\/2013\/Kryteria-Oceniania\/polski_model_PR.pdf\">kryteria oceniania<\/a><\/p>\n\n\n\n<h2 class=\"wp-block-heading\">13 maja 2013 r.<\/h2>\n\n\n\n<h3 class=\"wp-block-heading\">Wiedza o spo\u0142ecze\u0144stwie<\/h3>\n\n\n\n<p>poziom podstawowy \u2013&nbsp;<a href=\"https:\/\/cke.gov.pl\/images\/_EGZAMIN_MATURALNY_OD_2015\/Arkusze_egzaminacyjne\/2013\/wos_PP.pdf\">arkusz<\/a>&nbsp;+&nbsp;<a href=\"https:\/\/cke.gov.pl\/images\/_EGZAMIN_MATURALNY_OD_2015\/Arkusze_egzaminacyjne\/2013\/Kryteria-Oceniania\/wos_model_PP.pdf\">kryteria oceniania<\/a><br>poziom podstawowy \u2013&nbsp;<a href=\"https:\/\/cke.gov.pl\/images\/_EGZAMIN_MATURALNY_OD_2015\/Arkusze_egzaminacyjne\/2013\/wos_NS_PP.pdf\">arkusz dla os\u00f3b niesy\u0142sz\u0105cych<\/a>&nbsp;+&nbsp;<a href=\"https:\/\/cke.gov.pl\/images\/_EGZAMIN_MATURALNY_OD_2015\/Arkusze_egzaminacyjne\/2013\/Kryteria-Oceniania\/wos_model_NS_PP.pdf\">kryteria oceniania<\/a><br>poziom rozszerzony \u2013&nbsp;<a href=\"https:\/\/cke.gov.pl\/images\/_EGZAMIN_MATURALNY_OD_2015\/Arkusze_egzaminacyjne\/2013\/wos_PR.pdf\">arkusz<\/a>&nbsp;+&nbsp;<a href=\"https:\/\/cke.gov.pl\/images\/_EGZAMIN_MATURALNY_OD_2015\/Arkusze_egzaminacyjne\/2013\/Kryteria-Oceniania\/wos_model_PR.pdf\">kryteria oceniania<\/a><\/p>\n\n\n\n<h3 class=\"wp-block-heading\">Filozofia<\/h3>\n\n\n\n<p>poziom podstawowy \u2013&nbsp;<a href=\"https:\/\/cke.gov.pl\/images\/_EGZAMIN_MATURALNY_OD_2015\/Arkusze_egzaminacyjne\/2013\/filozofia_PP.pdf\">arkusz<\/a>&nbsp;+&nbsp;<a href=\"https:\/\/cke.gov.pl\/images\/_EGZAMIN_MATURALNY_OD_2015\/Arkusze_egzaminacyjne\/2013\/Kryteria-Oceniania\/filozofia_model_PP.pdf\">kryteria oceniania<\/a><br>poziom rozszerzony \u2013&nbsp;<a href=\"https:\/\/cke.gov.pl\/images\/_EGZAMIN_MATURALNY_OD_2015\/Arkusze_egzaminacyjne\/2013\/filozofia_PR.pdf\">arkusz<\/a>&nbsp;+&nbsp;<a href=\"https:\/\/cke.gov.pl\/images\/_EGZAMIN_MATURALNY_OD_2015\/Arkusze_egzaminacyjne\/2013\/Kryteria-Oceniania\/filozofia_model_PR.pdf\">kryteria oceniania<\/a><\/p>\n\n\n\n<h2 class=\"wp-block-heading\">14 maja 2013 r.<\/h2>\n\n\n\n<h3 class=\"wp-block-heading\">Chemia<\/h3>\n\n\n\n<p>poziom podstawowy \u2013&nbsp;<a href=\"https:\/\/cke.gov.pl\/images\/_EGZAMIN_MATURALNY_OD_2015\/Arkusze_egzaminacyjne\/2013\/chemia_PP.pdf\">arkusz<\/a>&nbsp;+&nbsp;<a href=\"https:\/\/cke.gov.pl\/images\/_EGZAMIN_MATURALNY_OD_2015\/Arkusze_egzaminacyjne\/2013\/Kryteria-Oceniania\/chemia_model_PP.pdf\">kryteria oceniania<\/a><br>poziom rozszerzony \u2013&nbsp;<a href=\"https:\/\/cke.gov.pl\/images\/_EGZAMIN_MATURALNY_OD_2015\/Arkusze_egzaminacyjne\/2013\/chemia_PR.pdf\">arkusz<\/a>&nbsp;+&nbsp;<a href=\"https:\/\/cke.gov.pl\/images\/_EGZAMIN_MATURALNY_OD_2015\/Arkusze_egzaminacyjne\/2013\/Kryteria-Oceniania\/chemia_model_PR.pdf\">kryteria oceniania<\/a><\/p>\n\n\n\n<h3 class=\"wp-block-heading\">Geografia<\/h3>\n\n\n\n<p>poziom podstawowy \u2013&nbsp;<a href=\"https:\/\/cke.gov.pl\/images\/_EGZAMIN_MATURALNY_OD_2015\/Arkusze_egzaminacyjne\/2013\/geografia_-PP.pdf\">arkusz<\/a>&nbsp;+&nbsp;<a href=\"https:\/\/cke.gov.pl\/images\/_EGZAMIN_MATURALNY_OD_2015\/Arkusze_egzaminacyjne\/2013\/Kryteria-Oceniania\/geografia_model_PP.pdf\">kryteria oceniania<\/a><br>poziom rozszerzony \u2013&nbsp;<a href=\"https:\/\/cke.gov.pl\/images\/_EGZAMIN_MATURALNY_OD_2015\/Arkusze_egzaminacyjne\/2013\/geografia_PR.pdf\">arkusz<\/a>&nbsp;+&nbsp;<a href=\"https:\/\/cke.gov.pl\/images\/_EGZAMIN_MATURALNY_OD_2015\/Arkusze_egzaminacyjne\/2013\/Kryteria-Oceniania\/geogfrafia_model_PR.pdf\">kryteria oceniania<\/a><br>poziom podstawowy i rozszerzony \u2013&nbsp;<a href=\"https:\/\/cke.gov.pl\/images\/_EGZAMIN_MATURALNY_OD_2015\/Arkusze_egzaminacyjne\/2013\/mapa.pdf\">mapa<\/a><\/p>\n\n\n\n<h2 class=\"wp-block-heading\">16 maja 2013 r.<\/h2>\n\n\n\n<h3 class=\"wp-block-heading\">J\u0119zyk bia\u0142oruski<\/h3>\n\n\n\n<p>poziom podstawowy \u2013&nbsp;<a href=\"https:\/\/cke.gov.pl\/images\/_EGZAMIN_MATURALNY_OD_2015\/Arkusze_egzaminacyjne\/2013\/bialoruski_PP.pdf\">arkusz<\/a>&nbsp;+&nbsp;<a href=\"https:\/\/cke.gov.pl\/images\/_EGZAMIN_MATURALNY_OD_2015\/Arkusze_egzaminacyjne\/2013\/Kryteria-Oceniania\/bialoruski_model_PP.pdf\">kryteria oceniania<\/a><br>poziom rozszerzony \u2013&nbsp;<a href=\"https:\/\/cke.gov.pl\/images\/_EGZAMIN_MATURALNY_OD_2015\/Arkusze_egzaminacyjne\/2013\/bialoruski_PR.pdf\">arkusz<\/a>&nbsp;+&nbsp;<a href=\"https:\/\/cke.gov.pl\/images\/_EGZAMIN_MATURALNY_OD_2015\/Arkusze_egzaminacyjne\/2013\/Kryteria-Oceniania\/bialoruski_model_PR.pdf\">kryteria oceniania<\/a><\/p>\n\n\n\n<h3 class=\"wp-block-heading\">J\u0119zyk litewski<\/h3>\n\n\n\n<p>poziom podstawowy \u2013&nbsp;<a href=\"https:\/\/cke.gov.pl\/images\/_EGZAMIN_MATURALNY_OD_2015\/Arkusze_egzaminacyjne\/2013\/litewski_PP.pdf\">arkusz<\/a>&nbsp;+&nbsp;<a href=\"https:\/\/cke.gov.pl\/images\/_EGZAMIN_MATURALNY_OD_2015\/Arkusze_egzaminacyjne\/2013\/Kryteria-Oceniania\/litewski_model_PP.pdf\">kryteria oceniania<\/a><\/p>\n\n\n\n<h3 class=\"wp-block-heading\">J\u0119zyk ukrai\u0144ski<\/h3>\n\n\n\n<p>poziom podstawowy \u2013&nbsp;<a href=\"https:\/\/cke.gov.pl\/images\/_EGZAMIN_MATURALNY_OD_2015\/Arkusze_egzaminacyjne\/2013\/ukrainski_PP.pdf\">arkusz<\/a>&nbsp;+&nbsp;<a href=\"https:\/\/cke.gov.pl\/images\/_EGZAMIN_MATURALNY_OD_2015\/Arkusze_egzaminacyjne\/2013\/Kryteria-Oceniania\/ukrainski_model_PP.pdf\">kryteria oceniania<\/a><br>poziom rozszerzony \u2013&nbsp;<a href=\"https:\/\/cke.gov.pl\/images\/_EGZAMIN_MATURALNY_OD_2015\/Arkusze_egzaminacyjne\/2013\/ukrainski_PR.pdf\">arkusz<\/a>&nbsp;+&nbsp;<a href=\"https:\/\/cke.gov.pl\/images\/_EGZAMIN_MATURALNY_OD_2015\/Arkusze_egzaminacyjne\/2013\/Kryteria-Oceniania\/ukrainski_model_PR.pdf\">kryteria oceniania<\/a><\/p>\n\n\n\n<h3 class=\"wp-block-heading\">J\u0119zyk kaszubski<\/h3>\n\n\n\n<p>poziom podstawowy \u2013&nbsp;<a href=\"https:\/\/cke.gov.pl\/images\/_EGZAMIN_MATURALNY_OD_2015\/Arkusze_egzaminacyjne\/2013\/kaszubski_PP.pdf\">arkusz<\/a>&nbsp;+&nbsp;<a href=\"https:\/\/cke.gov.pl\/images\/_EGZAMIN_MATURALNY_OD_2015\/Arkusze_egzaminacyjne\/2013\/Kryteria-Oceniania\/kaszubski_model_PP.pdf\">kryteria oceniania<\/a><br>poziom rozszerzony \u2013&nbsp;<a href=\"https:\/\/cke.gov.pl\/images\/_EGZAMIN_MATURALNY_OD_2015\/Arkusze_egzaminacyjne\/2013\/kaszubski_PR.pdf\">arkusz<\/a>&nbsp;+&nbsp;<a href=\"https:\/\/cke.gov.pl\/images\/_EGZAMIN_MATURALNY_OD_2015\/Arkusze_egzaminacyjne\/2013\/Kryteria-Oceniania\/kaszubski_model_PR.pdf\">kryteria oceniania<\/a><\/p>\n\n\n\n<h3 class=\"wp-block-heading\">J\u0119zyk \u0142emkowski<\/h3>\n\n\n\n<p>poziom podstawowy \u2013&nbsp;<a href=\"https:\/\/cke.gov.pl\/images\/_EGZAMIN_MATURALNY_OD_2015\/Arkusze_egzaminacyjne\/2013\/lemkowski_PP.pdf\">arkusz<\/a>&nbsp;+&nbsp;<a href=\"https:\/\/cke.gov.pl\/images\/_EGZAMIN_MATURALNY_OD_2015\/Arkusze_egzaminacyjne\/2013\/Kryteria-Oceniania\/lemkowski_model_-PP.pdf\">kryteria oceniania<\/a><\/p>\n\n\n\n<h2 class=\"wp-block-heading\">17 maja 2013 r.<\/h2>\n\n\n\n<h3 class=\"wp-block-heading\">Biologia<\/h3>\n\n\n\n<p>poziom podstawowy \u2013&nbsp;<a href=\"https:\/\/cke.gov.pl\/images\/_EGZAMIN_MATURALNY_OD_2015\/Arkusze_egzaminacyjne\/2013\/biologia_PP.pdf\">arkusz<\/a>&nbsp;+&nbsp;<a href=\"https:\/\/cke.gov.pl\/images\/_EGZAMIN_MATURALNY_OD_2015\/Arkusze_egzaminacyjne\/2013\/Kryteria-Oceniania\/biologia_model_PP.pdf\">kryteria oceniania<\/a><br>poziom rozszerzony \u2013&nbsp;<a href=\"https:\/\/cke.gov.pl\/images\/_EGZAMIN_MATURALNY_OD_2015\/Arkusze_egzaminacyjne\/2013\/biologia_PR.pdf\">arkusz<\/a>&nbsp;+&nbsp;<a href=\"https:\/\/cke.gov.pl\/images\/_EGZAMIN_MATURALNY_OD_2015\/Arkusze_egzaminacyjne\/2013\/Kryteria-Oceniania\/biologia_model_PR.pdf\">kryteria oceniania<\/a><\/p>\n\n\n\n<h3 class=\"wp-block-heading\">Historia<\/h3>\n\n\n\n<p>poziom podstawowy \u2013&nbsp;<a href=\"https:\/\/cke.gov.pl\/images\/_EGZAMIN_MATURALNY_OD_2015\/Arkusze_egzaminacyjne\/2013\/historia_PP.pdf\">arkusz<\/a>&nbsp;+&nbsp;<a href=\"https:\/\/cke.gov.pl\/images\/_EGZAMIN_MATURALNY_OD_2015\/Arkusze_egzaminacyjne\/2013\/Kryteria-Oceniania\/historia_model_PP.pdf\">kryteria oceniania<\/a><br>poziom podstawowy \u2013&nbsp;<a href=\"https:\/\/cke.gov.pl\/images\/_EGZAMIN_MATURALNY_OD_2015\/Arkusze_egzaminacyjne\/2013\/historia_NS_PP.pdf\">arkusz dla os\u00f3b nies\u0142ysz\u0105cych<\/a>&nbsp;+&nbsp;<a href=\"https:\/\/cke.gov.pl\/images\/_EGZAMIN_MATURALNY_OD_2015\/Arkusze_egzaminacyjne\/2013\/Kryteria-Oceniania\/historia_model_NS_PP.pdf\">kryteria oceniania<\/a><br>poziom rozszerzony \u2013&nbsp;<a href=\"https:\/\/cke.gov.pl\/images\/_EGZAMIN_MATURALNY_OD_2015\/Arkusze_egzaminacyjne\/2013\/historia_PR.pdf\">arkusz<\/a>&nbsp;+&nbsp;<a href=\"https:\/\/cke.gov.pl\/images\/_EGZAMIN_MATURALNY_OD_2015\/Arkusze_egzaminacyjne\/2013\/Kryteria-Oceniania\/historia_model_PR.pdf\">kryteria oceniania<\/a><\/p>\n\n\n\n<h2 class=\"wp-block-heading\">20 maja 2013 r.<\/h2>\n\n\n\n<h3 class=\"wp-block-heading\">Fizyka i astronomia<\/h3>\n\n\n\n<p>poziom podstawowy \u2013&nbsp;<a href=\"https:\/\/cke.gov.pl\/images\/_EGZAMIN_MATURALNY_OD_2015\/Arkusze_egzaminacyjne\/2013\/fizyka_PP.pdf\">arkusz<\/a>&nbsp;+&nbsp;<a href=\"https:\/\/cke.gov.pl\/images\/_EGZAMIN_MATURALNY_OD_2015\/Arkusze_egzaminacyjne\/2013\/Kryteria-Oceniania\/fizyka_model_PP.pdf\">kryteria oceniania<\/a><br>poziom rozszerzony \u2013&nbsp;<a href=\"https:\/\/cke.gov.pl\/images\/_EGZAMIN_MATURALNY_OD_2015\/Arkusze_egzaminacyjne\/2013\/fizyka_PR.pdf\">arkusz<\/a>&nbsp;+&nbsp;<a href=\"https:\/\/cke.gov.pl\/images\/_EGZAMIN_MATURALNY_OD_2015\/Arkusze_egzaminacyjne\/2013\/Kryteria-Oceniania\/fizyka_model_PR.pdf\">kryteria oceniania<\/a><\/p>\n\n\n\n<p><a href=\"https:\/\/cke.gov.pl\/images\/_EGZAMIN_MATURALNY_OD_2015\/Arkusze_egzaminacyjne\/2013\/20130522-fizyka-zadanie-6_1.pdf\">Stanowisko Centralnej Komisji Egzaminacyjnej w sprawie zadania 6.1 w arkuszu z fizyki i astronomii dla poziomu rozszerzonego<\/a><\/p>\n\n\n\n<h3 class=\"wp-block-heading\">J\u0119zyk \u0142aci\u0144ski i kultura antyczna<\/h3>\n\n\n\n<p>poziom podstawowy \u2013&nbsp;<a href=\"https:\/\/cke.gov.pl\/images\/_EGZAMIN_MATURALNY_OD_2015\/Arkusze_egzaminacyjne\/2013\/lacina_PP.pdf\">arkusz<\/a>&nbsp;+&nbsp;<a href=\"https:\/\/cke.gov.pl\/images\/_EGZAMIN_MATURALNY_OD_2015\/Arkusze_egzaminacyjne\/2013\/Kryteria-Oceniania\/lacina_model_PP.pdf\">kryteria oceniania<\/a><br>poziom rozszerzony \u2013&nbsp;<a href=\"https:\/\/cke.gov.pl\/images\/_EGZAMIN_MATURALNY_OD_2015\/Arkusze_egzaminacyjne\/2013\/lacina_PR.pdf\">arkusz<\/a>&nbsp;+&nbsp;<a href=\"https:\/\/cke.gov.pl\/images\/_EGZAMIN_MATURALNY_OD_2015\/Arkusze_egzaminacyjne\/2013\/Kryteria-Oceniania\/lacina_model_PR.pdf\">kryteria oceniania<\/a><\/p>\n\n\n\n<h2 class=\"wp-block-heading\">21 maja 2013 r.<\/h2>\n\n\n\n<h3 class=\"wp-block-heading\">J\u0119zyk niemiecki<\/h3>\n\n\n\n<p>poziom podstawowy \u2013&nbsp;<a href=\"https:\/\/cke.gov.pl\/images\/_EGZAMIN_MATURALNY_OD_2015\/Arkusze_egzaminacyjne\/2013\/niemiecki_PP.pdf\">arkusz<\/a>&nbsp;+&nbsp;<a href=\"https:\/\/cke.gov.pl\/images\/_EGZAMIN_MATURALNY_OD_2015\/Arkusze_egzaminacyjne\/2013\/niemiecki_transkrypcja_PP.pdf\">transkrypcja<\/a>&nbsp;+&nbsp;<a href=\"https:\/\/cke.gov.pl\/images\/_EGZAMIN_MATURALNY_OD_2015\/Arkusze_egzaminacyjne\/2013\/Kryteria-Oceniania\/pp_niemiecki_kryteria-oceniania.pdf\">kryteria oceniania<\/a><br>poziom podstawowy \u2013&nbsp;<a href=\"https:\/\/cke.gov.pl\/images\/_EGZAMIN_MATURALNY_OD_2015\/Arkusze_egzaminacyjne\/2013\/niemiecki_NS_PP.pdf\">arkusz dla os\u00f3b nies\u0142ysz\u0105cych<\/a>&nbsp;+&nbsp;<a href=\"https:\/\/cke.gov.pl\/images\/_EGZAMIN_MATURALNY_OD_2015\/Arkusze_egzaminacyjne\/2013\/Kryteria-Oceniania\/ns_niemiecki_kryteria-oceniania.pdf\">kryteria oceniania<\/a><br>poziom rozszerzony \u2013&nbsp;<a href=\"https:\/\/cke.gov.pl\/images\/_EGZAMIN_MATURALNY_OD_2015\/Arkusze_egzaminacyjne\/2013\/niemiecki_PR_I.pdf\">arkusz, cz\u0119\u015b\u0107 1.<\/a><br>poziom rozszerzony \u2013&nbsp;<a href=\"https:\/\/cke.gov.pl\/images\/_EGZAMIN_MATURALNY_OD_2015\/Arkusze_egzaminacyjne\/2013\/niemiecki_PR_II.pdf\">arkusz, cz\u0119\u015b\u0107 2.<\/a>&nbsp;+&nbsp;<a href=\"https:\/\/cke.gov.pl\/images\/_EGZAMIN_MATURALNY_OD_2015\/Arkusze_egzaminacyjne\/2013\/Transkrypcja-PR.pdf\">transkrypcja<\/a>&nbsp;+&nbsp;<a href=\"https:\/\/cke.gov.pl\/images\/_EGZAMIN_MATURALNY_OD_2015\/Arkusze_egzaminacyjne\/2013\/Kryteria-Oceniania\/pr_niemiecki_kryteria-oceniania.pdf\">kryteria oceniania<\/a><br>poziom dwuj\u0119zyczny \u2013&nbsp;<a href=\"https:\/\/cke.gov.pl\/images\/_EGZAMIN_MATURALNY_OD_2015\/Arkusze_egzaminacyjne\/2013\/niemiecki_DJ.pdf\">arkusz<\/a>&nbsp;+&nbsp;<a href=\"https:\/\/cke.gov.pl\/images\/_EGZAMIN_MATURALNY_OD_2015\/Arkusze_egzaminacyjne\/2013\/Transkrypcja-DJ.pdf\">transkrypcja<\/a>&nbsp;+&nbsp;<a href=\"https:\/\/cke.gov.pl\/images\/_EGZAMIN_MATURALNY_OD_2015\/Arkusze_egzaminacyjne\/2013\/Kryteria-Oceniania\/dj_niemiecki_kryteria-oceniania.pdf\">kryteria oceniania<\/a><\/p>\n\n\n\n<h2 class=\"wp-block-heading\">22 maja 2013 r.<\/h2>\n\n\n\n<h3 class=\"wp-block-heading\">Informatyka<\/h3>\n\n\n\n<p>poziom podstawowy \u2013&nbsp;<a href=\"https:\/\/cke.gov.pl\/images\/_EGZAMIN_MATURALNY_OD_2015\/Arkusze_egzaminacyjne\/2013\/informatyka_PP_1.pdf\">arkusz, cz\u0119\u015b\u0107 1.<\/a><br>poziom podstawowy \u2013&nbsp;<a href=\"https:\/\/cke.gov.pl\/images\/_EGZAMIN_MATURALNY_OD_2015\/Arkusze_egzaminacyjne\/2013\/informatyka_PP_2.pdf\">arkusz, cz\u0119\u015b\u0107 2.<\/a>&nbsp;+&nbsp;<a href=\"https:\/\/cke.gov.pl\/images\/_EGZAMIN_MATURALNY_OD_2015\/Arkusze_egzaminacyjne\/2013\/Dane_PP.rar\">dane<\/a>&nbsp;+&nbsp;<a href=\"https:\/\/cke.gov.pl\/images\/_EGZAMIN_MATURALNY_OD_2015\/Arkusze_egzaminacyjne\/2013\/Kryteria-Oceniania\/informatyka_model_PP.pdf\">kryteria oceniania<\/a><br>poziom rozszerzony \u2013&nbsp;<a href=\"https:\/\/cke.gov.pl\/images\/_EGZAMIN_MATURALNY_OD_2015\/Arkusze_egzaminacyjne\/2013\/20130522-informatyka-PR.pdf\">arkusz, cz\u0119\u015b\u0107 1.<\/a><br>poziom rozszerzony \u2013&nbsp;<a href=\"https:\/\/cke.gov.pl\/images\/_EGZAMIN_MATURALNY_OD_2015\/Arkusze_egzaminacyjne\/2013\/informatyka_PR_2.pdf\">arkusz, cz\u0119\u015b\u0107 2.<\/a>&nbsp;+&nbsp;<a href=\"https:\/\/cke.gov.pl\/images\/_EGZAMIN_MATURALNY_OD_2015\/Arkusze_egzaminacyjne\/2013\/Dane_PR.rar\">dane<\/a>&nbsp;+&nbsp;<a href=\"https:\/\/cke.gov.pl\/images\/_EGZAMIN_MATURALNY_OD_2015\/Arkusze_egzaminacyjne\/2013\/Kryteria-Oceniania\/informatyka_model_PR.pdf\">kryteria oceniania<\/a><\/p>\n\n\n\n<h3 class=\"wp-block-heading\">Historia sztuki<\/h3>\n\n\n\n<p>poziom podstawowy \u2013&nbsp;<a href=\"https:\/\/cke.gov.pl\/images\/_EGZAMIN_MATURALNY_OD_2015\/Arkusze_egzaminacyjne\/2013\/HS_-PP.pdf\">arkusz<\/a>&nbsp;+&nbsp;<a href=\"https:\/\/cke.gov.pl\/images\/_EGZAMIN_MATURALNY_OD_2015\/Arkusze_egzaminacyjne\/2013\/Kryteria-Oceniania\/hs_model_PP.pdf\">kryteria oceniania<\/a><br>poziom rozszerzony \u2013&nbsp;<a href=\"https:\/\/cke.gov.pl\/images\/_EGZAMIN_MATURALNY_OD_2015\/Arkusze_egzaminacyjne\/2013\/HS_PR1.pdf\">arkusz<\/a>&nbsp;+&nbsp;<a href=\"https:\/\/cke.gov.pl\/images\/_EGZAMIN_MATURALNY_OD_2015\/Arkusze_egzaminacyjne\/2013\/Kryteria-Oceniania\/hs_model_PR.pdf\">kryteria oceniania<\/a><\/p>\n\n\n\n<h2 class=\"wp-block-heading\">23 maja 2013 r.<\/h2>\n\n\n\n<h3 class=\"wp-block-heading\">J\u0119zyk rosyjski<\/h3>\n\n\n\n<p>poziom podstawowy \u2013&nbsp;<a href=\"https:\/\/cke.gov.pl\/images\/_EGZAMIN_MATURALNY_OD_2015\/Arkusze_egzaminacyjne\/2013\/rosyjski_PP_A.pdf\">arkusz<\/a>&nbsp;+&nbsp;<a href=\"https:\/\/cke.gov.pl\/images\/_EGZAMIN_MATURALNY_OD_2015\/Arkusze_egzaminacyjne\/2013\/rosyjski_transkrypcja_PP.pdf\">transkrypcja<\/a>&nbsp;+&nbsp;<a href=\"https:\/\/cke.gov.pl\/images\/_EGZAMIN_MATURALNY_OD_2015\/Arkusze_egzaminacyjne\/2013\/Kryteria-Oceniania\/PP_rosyjski.pdf\">kryteria oceniania<\/a><br>poziom rozszerzony \u2013&nbsp;<a href=\"https:\/\/cke.gov.pl\/images\/_EGZAMIN_MATURALNY_OD_2015\/Arkusze_egzaminacyjne\/2013\/rosyjski_-PRI.pdf\">arkusz, cz\u0119\u015b\u0107 1.<\/a><br>poziom rozszerzony \u2013&nbsp;<a href=\"https:\/\/cke.gov.pl\/images\/_EGZAMIN_MATURALNY_OD_2015\/Arkusze_egzaminacyjne\/2013\/rosyjski_PRII.pdf\">arkusz, cz\u0119\u015b\u0107 2.<\/a>&nbsp;+&nbsp;<a href=\"https:\/\/cke.gov.pl\/images\/_EGZAMIN_MATURALNY_OD_2015\/Arkusze_egzaminacyjne\/2013\/rosyjski_transkrypcja_PRII.pdf\">transkrypcja<\/a>&nbsp;+&nbsp;<a href=\"https:\/\/cke.gov.pl\/images\/_EGZAMIN_MATURALNY_OD_2015\/Arkusze_egzaminacyjne\/2013\/Kryteria-Oceniania\/PR_rosyjski.pdf\">kryteria oceniania<\/a><\/p>\n\n\n\n<h2 class=\"wp-block-heading\">24 maja 2013 r.<\/h2>\n\n\n\n<h3 class=\"wp-block-heading\">J\u0119zyk francuski<\/h3>\n\n\n\n<p>poziom podstawowy \u2013&nbsp;<a href=\"https:\/\/cke.gov.pl\/images\/_EGZAMIN_MATURALNY_OD_2015\/Arkusze_egzaminacyjne\/2013\/francuski_PP.pdf\">arkusz<\/a>&nbsp;+&nbsp;<a href=\"https:\/\/cke.gov.pl\/images\/_EGZAMIN_MATURALNY_OD_2015\/Arkusze_egzaminacyjne\/2013\/PP-Transkrypcja-nagran-2013.pdf\">transkrypcja<\/a>&nbsp;+&nbsp;<a href=\"https:\/\/cke.gov.pl\/images\/_EGZAMIN_MATURALNY_OD_2015\/Arkusze_egzaminacyjne\/2013\/Kryteria-Oceniania\/PP_francuski_internet.pdf\">kryteria oceniania<\/a><br>poziom rozszerzony \u2013&nbsp;<a href=\"https:\/\/cke.gov.pl\/images\/_EGZAMIN_MATURALNY_OD_2015\/Arkusze_egzaminacyjne\/2013\/francuski_PRI.pdf\">arkusz, cz\u0119\u015b\u0107 1.<\/a><br>poziom rozszerzony \u2013&nbsp;<a href=\"https:\/\/cke.gov.pl\/images\/_EGZAMIN_MATURALNY_OD_2015\/Arkusze_egzaminacyjne\/2013\/francuski_PRII.pdf\">arkusz, cz\u0119\u015b\u0107 2.<\/a>&nbsp;+&nbsp;<a href=\"https:\/\/cke.gov.pl\/images\/_EGZAMIN_MATURALNY_OD_2015\/Arkusze_egzaminacyjne\/2013\/Transkrypcja_PR.pdf\">transkrypcja<\/a>&nbsp;+&nbsp;<a href=\"https:\/\/cke.gov.pl\/images\/_EGZAMIN_MATURALNY_OD_2015\/Arkusze_egzaminacyjne\/2013\/Kryteria-Oceniania\/PR_francuski_internet.pdf\">kryteria oceniania<\/a><br>poziom dwuj\u0119zyczny \u2013&nbsp;<a href=\"https:\/\/cke.gov.pl\/images\/_EGZAMIN_MATURALNY_OD_2015\/Arkusze_egzaminacyjne\/2013\/francuski_DJ.pdf\">arkusz<\/a>&nbsp;+&nbsp;<a href=\"https:\/\/cke.gov.pl\/images\/_EGZAMIN_MATURALNY_OD_2015\/Arkusze_egzaminacyjne\/2013\/Transkrypcja-p_-dwujezyczny.pdf\">transkrypcja<\/a>&nbsp;+&nbsp;<a href=\"https:\/\/cke.gov.pl\/images\/_EGZAMIN_MATURALNY_OD_2015\/Arkusze_egzaminacyjne\/2013\/Kryteria-Oceniania\/DJ_francuski_internet.pdf\">kryteria oceniania<\/a><\/p>\n\n\n\n<h2 class=\"wp-block-heading\">27 maja 2013 r.<\/h2>\n\n\n\n<h3 class=\"wp-block-heading\">J\u0119zyk hiszpa\u0144ski<\/h3>\n\n\n\n<p>poziom podstawowy \u2013&nbsp;<a href=\"https:\/\/cke.gov.pl\/images\/_EGZAMIN_MATURALNY_OD_2015\/Arkusze_egzaminacyjne\/2013\/hiszpanski_PP.pdf\">arkusz<\/a>&nbsp;+&nbsp;<a href=\"https:\/\/cke.gov.pl\/images\/_EGZAMIN_MATURALNY_OD_2015\/Arkusze_egzaminacyjne\/2013\/transkrypcja_PP.pdf\">transkrypcja<\/a>&nbsp;+&nbsp;<a href=\"https:\/\/cke.gov.pl\/images\/_EGZAMIN_MATURALNY_OD_2015\/Arkusze_egzaminacyjne\/2013\/Kryteria-Oceniania\/PP_hiszpanski.pdf\">kryteria oceniania<br><\/a>poziom rozszerzony \u2013&nbsp;<a href=\"https:\/\/cke.gov.pl\/images\/_EGZAMIN_MATURALNY_OD_2015\/Arkusze_egzaminacyjne\/2013\/hiszpanski_PRI.pdf\">arkusz, cz\u0119\u015b\u0107 1.<\/a><br>poziom rozszerzony \u2013&nbsp;<a href=\"https:\/\/cke.gov.pl\/images\/_EGZAMIN_MATURALNY_OD_2015\/Arkusze_egzaminacyjne\/2013\/hiszpanski_PRII.pdf\">arkusz, cz\u0119\u015b\u0107 2.<\/a>&nbsp;+&nbsp;<a href=\"https:\/\/cke.gov.pl\/images\/_EGZAMIN_MATURALNY_OD_2015\/Arkusze_egzaminacyjne\/2013\/transkrypcja_-PR.pdf\">transkrypcja<\/a>&nbsp;+&nbsp;<a href=\"https:\/\/cke.gov.pl\/images\/_EGZAMIN_MATURALNY_OD_2015\/Arkusze_egzaminacyjne\/2013\/Kryteria-Oceniania\/PR_hiszpanski.pdf\">kryteria oceniania<\/a><br>poziom dwuj\u0119zyczny \u2013&nbsp;<a href=\"https:\/\/cke.gov.pl\/images\/_EGZAMIN_MATURALNY_OD_2015\/Arkusze_egzaminacyjne\/2013\/hiszpanski_DJ.pdf\">arkusz<\/a>&nbsp;+&nbsp;<a href=\"https:\/\/cke.gov.pl\/images\/_EGZAMIN_MATURALNY_OD_2015\/Arkusze_egzaminacyjne\/2013\/Transkrypcja_DJ.pdf\">transkrypcja<\/a>&nbsp;+&nbsp;<a href=\"https:\/\/cke.gov.pl\/images\/_EGZAMIN_MATURALNY_OD_2015\/Arkusze_egzaminacyjne\/2013\/Kryteria-Oceniania\/DJ_hiszpanski.pdf\">kryteria oceniania<\/a><\/p>\n\n\n\n<h2 class=\"wp-block-heading\">28 maja 2013 r.<\/h2>\n\n\n\n<h3 class=\"wp-block-heading\">J\u0119zyk w\u0142oski<\/h3>\n\n\n\n<p>poziom podstawowy \u2013&nbsp;<a href=\"https:\/\/cke.gov.pl\/images\/_EGZAMIN_MATURALNY_OD_2015\/Arkusze_egzaminacyjne\/2013\/wloski_PP.pdf\">arkusz<\/a>&nbsp;+&nbsp;<a href=\"https:\/\/cke.gov.pl\/images\/_EGZAMIN_MATURALNY_OD_2015\/Arkusze_egzaminacyjne\/2013\/wloski_PP_TRANSKRYPCJA.pdf\">transkrypcja<\/a>&nbsp;+&nbsp;<a href=\"https:\/\/cke.gov.pl\/images\/_EGZAMIN_MATURALNY_OD_2015\/Arkusze_egzaminacyjne\/2013\/Kryteria-Oceniania\/PP_wloski.pdf\">kryteria oceniania<\/a><br>poziom rozszerzony \u2013&nbsp;<a href=\"https:\/\/cke.gov.pl\/images\/_EGZAMIN_MATURALNY_OD_2015\/Arkusze_egzaminacyjne\/2013\/wloski_PR_I.pdf\">arkusz, cz\u0119\u015b\u0107 1.<\/a><br>poziom rozszerzony \u2013&nbsp;<a href=\"https:\/\/cke.gov.pl\/images\/_EGZAMIN_MATURALNY_OD_2015\/Arkusze_egzaminacyjne\/2013\/wloski_PR_II.pdf\">arkusz, cz\u0119\u015b\u0107 2.<\/a>&nbsp;+&nbsp;<a href=\"https:\/\/cke.gov.pl\/images\/_EGZAMIN_MATURALNY_OD_2015\/Arkusze_egzaminacyjne\/2013\/wloski_PR_TRANSKRYPCJA.pdf\">transkrypcja<\/a>&nbsp;+&nbsp;<a href=\"https:\/\/cke.gov.pl\/images\/_EGZAMIN_MATURALNY_OD_2015\/Arkusze_egzaminacyjne\/2013\/Kryteria-Oceniania\/PR_wloski.pdf\">kryteria oceniania<\/a><\/p>\n<div class=\"pdfprnt-buttons pdfprnt-buttons-post pdfprnt-bottom-left\"><a href=\"https:\/\/oke.jaworzno.pl\/www3\/wp-json\/wp\/v2\/posts\/1354?print=pdf\" class=\"pdfprnt-button pdfprnt-button-pdf\" target=\"_blank\" ><span class=\"pdfprnt-button-title pdfprnt-button-pdf-title\">Wersja do druku<\/span><\/a><\/div>","protected":false},"excerpt":{"rendered":"<p>Arkusze maturalne \u201estara\u201d formu\u0142a \u2013 rok 2013<\/p>\n","protected":false},"author":1,"featured_media":252,"comment_status":"closed","ping_status":"closed","sticky":false,"template":"","format":"standard","meta":{"_editorskit_title_hidden":false,"_editorskit_reading_time":0,"_editorskit_is_block_options_detached":false,"_editorskit_block_options_position":"{}","footnotes":""},"categories":[65],"tags":[],"class_list":["post-1354","post","type-post","status-publish","format-standard","has-post-thumbnail","hentry","category-arkusze-maturalne-stara-formula"],"publishpress_future_action":{"enabled":false,"date":"2026-05-09 12:51:44","action":"change-status","newStatus":"draft","terms":[],"taxonomy":"category","extraData":[]},"publishpress_future_workflow_manual_trigger":{"enabledWorkflows":[]},"_links":{"self":[{"href":"https:\/\/oke.jaworzno.pl\/www3\/wp-json\/wp\/v2\/posts\/1354","targetHints":{"allow":["GET"]}}],"collection":[{"href":"https:\/\/oke.jaworzno.pl\/www3\/wp-json\/wp\/v2\/posts"}],"about":[{"href":"https:\/\/oke.jaworzno.pl\/www3\/wp-json\/wp\/v2\/types\/post"}],"author":[{"embeddable":true,"href":"https:\/\/oke.jaworzno.pl\/www3\/wp-json\/wp\/v2\/users\/1"}],"replies":[{"embeddable":true,"href":"https:\/\/oke.jaworzno.pl\/www3\/wp-json\/wp\/v2\/comments?post=1354"}],"version-history":[{"count":0,"href":"https:\/\/oke.jaworzno.pl\/www3\/wp-json\/wp\/v2\/posts\/1354\/revisions"}],"wp:featuredmedia":[{"embeddable":true,"href":"https:\/\/oke.jaworzno.pl\/www3\/wp-json\/wp\/v2\/media\/252"}],"wp:attachment":[{"href":"https:\/\/oke.jaworzno.pl\/www3\/wp-json\/wp\/v2\/media?parent=1354"}],"wp:term":[{"taxonomy":"category","embeddable":true,"href":"https:\/\/oke.jaworzno.pl\/www3\/wp-json\/wp\/v2\/categories?post=1354"},{"taxonomy":"post_tag","embeddable":true,"href":"https:\/\/oke.jaworzno.pl\/www3\/wp-json\/wp\/v2\/tags?post=1354"}],"curies":[{"name":"wp","href":"https:\/\/api.w.org\/{rel}","templated":true}]}}