{"id":9409,"date":"2026-02-05T00:01:00","date_gmt":"2026-02-04T23:01:00","guid":{"rendered":"https:\/\/oke.jaworzno.pl\/www3\/?p=9409"},"modified":"2026-02-09T07:35:52","modified_gmt":"2026-02-09T06:35:52","slug":"z-glebokim-zalem","status":"publish","type":"post","link":"https:\/\/oke.jaworzno.pl\/www3\/2026\/02\/05\/z-glebokim-zalem\/","title":{"rendered":"Z g\u0142\u0119bokim \u017calem\u2026"},"content":{"rendered":"\n<p>Z przykro\u015bci\u0105 informujemy, \u017ce w dniu <strong>2 lutego 2026 r.<\/strong> zmar\u0142<br><strong>Pan Andrzej Folwaczny<\/strong>,<br>by\u0142y Wicedyrektor Okr\u0119gowej Komisji Egzaminacyjnej w Jaworznie.<br>Rodzinie oraz Bliskim Zmar\u0142ego sk\u0142adamy najszczersze wyrazy wsp\u00f3\u0142czucia.<\/p>\n\n\n\n<p>Robert Wanic<\/p>\n\n\n\n<p><\/p>\n<div class=\"pdfprnt-buttons pdfprnt-buttons-post pdfprnt-bottom-left\"><a href=\"https:\/\/oke.jaworzno.pl\/www3\/wp-json\/wp\/v2\/posts\/9409?print=pdf\" class=\"pdfprnt-button pdfprnt-button-pdf\" target=\"_blank\" ><span class=\"pdfprnt-button-title pdfprnt-button-pdf-title\">Wersja do druku<\/span><\/a><\/div>","protected":false},"excerpt":{"rendered":"<p>Z przykro\u015bci\u0105 informujemy, \u017ce w dniu 2 lutego 2026 r. zmar\u0142Pan Andrzej Folwaczny,by\u0142y Wicedyrektor Okr\u0119gowej Komisji Egzaminacyjnej w Jaworznie.Rodzinie oraz&#46;&#46;&#46;<\/p>\n","protected":false},"author":4,"featured_media":1910,"comment_status":"closed","ping_status":"closed","sticky":false,"template":"","format":"standard","meta":{"_editorskit_title_hidden":false,"_editorskit_reading_time":0,"_editorskit_is_block_options_detached":false,"_editorskit_block_options_position":"{}","footnotes":""},"categories":[77],"tags":[],"class_list":["post-9409","post","type-post","status-publish","format-standard","has-post-thumbnail","hentry","category-archiwalne"],"publishpress_future_action":{"enabled":false,"date":"2026-05-09 13:11:13","action":"change-status","newStatus":"draft","terms":[],"taxonomy":"category","extraData":[]},"publishpress_future_workflow_manual_trigger":{"enabledWorkflows":[]},"_links":{"self":[{"href":"https:\/\/oke.jaworzno.pl\/www3\/wp-json\/wp\/v2\/posts\/9409","targetHints":{"allow":["GET"]}}],"collection":[{"href":"https:\/\/oke.jaworzno.pl\/www3\/wp-json\/wp\/v2\/posts"}],"about":[{"href":"https:\/\/oke.jaworzno.pl\/www3\/wp-json\/wp\/v2\/types\/post"}],"author":[{"embeddable":true,"href":"https:\/\/oke.jaworzno.pl\/www3\/wp-json\/wp\/v2\/users\/4"}],"replies":[{"embeddable":true,"href":"https:\/\/oke.jaworzno.pl\/www3\/wp-json\/wp\/v2\/comments?post=9409"}],"version-history":[{"count":1,"href":"https:\/\/oke.jaworzno.pl\/www3\/wp-json\/wp\/v2\/posts\/9409\/revisions"}],"predecessor-version":[{"id":9410,"href":"https:\/\/oke.jaworzno.pl\/www3\/wp-json\/wp\/v2\/posts\/9409\/revisions\/9410"}],"wp:featuredmedia":[{"embeddable":true,"href":"https:\/\/oke.jaworzno.pl\/www3\/wp-json\/wp\/v2\/media\/1910"}],"wp:attachment":[{"href":"https:\/\/oke.jaworzno.pl\/www3\/wp-json\/wp\/v2\/media?parent=9409"}],"wp:term":[{"taxonomy":"category","embeddable":true,"href":"https:\/\/oke.jaworzno.pl\/www3\/wp-json\/wp\/v2\/categories?post=9409"},{"taxonomy":"post_tag","embeddable":true,"href":"https:\/\/oke.jaworzno.pl\/www3\/wp-json\/wp\/v2\/tags?post=9409"}],"curies":[{"name":"wp","href":"https:\/\/api.w.org\/{rel}","templated":true}]}}