{"id":9447,"date":"2026-03-18T08:04:57","date_gmt":"2026-03-18T07:04:57","guid":{"rendered":"https:\/\/oke.jaworzno.pl\/www3\/?p=9447"},"modified":"2026-03-18T08:13:18","modified_gmt":"2026-03-18T07:13:18","slug":"przekazanie-swiadectw-i-certyfikatow-dla-osob-ktore-ukonczyly-kwalifikacyjny-kurs-zawodowy-lub-przystapily-do-egzaminu-eksternistycznego-w-sesji-zima-2026-r","status":"publish","type":"post","link":"https:\/\/oke.jaworzno.pl\/www3\/2026\/03\/18\/przekazanie-swiadectw-i-certyfikatow-dla-osob-ktore-ukonczyly-kwalifikacyjny-kurs-zawodowy-lub-przystapily-do-egzaminu-eksternistycznego-w-sesji-zima-2026-r\/","title":{"rendered":"Informacja dla uczni\u00f3w i absolwent\u00f3w dotycz\u0105ca wynik\u00f3w egzaminu i odbioru \u015bwiadectw, certyfikat\u00f3w oraz dyplom\u00f3w po sesji Zima 2026"},"content":{"rendered":"\n<p>Wyniki egzaminu zawodowego w formule 2017 i formule 2019 (kwalifikacje dwu- i trzyliterowe) b\u0119d\u0105 dost\u0119pne <strong>27 marca 2026 r. od godz. 10:00<\/strong> w portalu zdaj\u0105cego SIOEZ: <a href=\"https:\/\/portalzdajacego.epkz.cke.edu.pl\"><strong>https:\/\/portalzdajacego.epkz.cke.edu.pl<\/strong><\/a><\/p>\n\n\n\n<p>Dane do logowania zdaj\u0105cy otrzymuj\u0105 od dyrektora szko\u0142y, w kt\u00f3rej z\u0142o\u017cyli deklaracje.<\/p>\n\n\n\n<p>\u015awiadectwa, certyfikaty i dyplomy b\u0119d\u0105 wydawane przez szko\u0142y w terminach ustalonych przez dyrektor\u00f3w szk\u00f3\u0142. Szczeg\u00f3\u0142owy termin przekazania tych dokument\u00f3w ustali dyrektor szko\u0142y.<\/p>\n\n\n\n<p>Absolwenci, kt\u00f3rzy ponownie przyst\u0105pili do egzaminu w sesji Zima 2026, odbieraj\u0105 wyniki oraz \u015bwiadectwa\/certyfikaty w szkole, w kt\u00f3rej zdawali cz\u0119\u015b\u0107 pisemn\u0105 egzaminu.<\/p>\n\n\n\n<p>W przypadku, gdy absolwent zdawa\u0142 wy\u0142\u0105cznie cz\u0119\u015b\u0107 praktyczn\u0105 egzaminu zawodowego \u2013 odbiera \u015bwiadectwa\/certyfikaty w szkole lub plac\u00f3wce, w kt\u00f3rej zdawa\u0142 cz\u0119\u015b\u0107 praktyczn\u0105.<\/p>\n\n\n\n<p>Osoby, kt\u00f3re nie zda\u0142y egzaminu w sesji Zima 2026, mog\u0105 z\u0142o\u017cy\u0107 deklaracj\u0119 przyst\u0105pienia do egzaminu na sesj\u0119 Lato 2026 do 3 kwietnia 2026 r.<\/p>\n\n\n\n<p>Szczeg\u00f3\u0142owych informacji dotycz\u0105cych odbioru dokument\u00f3w udzielaj\u0105 szko\u0142y.<\/p>\n<div class=\"pdfprnt-buttons pdfprnt-buttons-post pdfprnt-bottom-left\"><a href=\"https:\/\/oke.jaworzno.pl\/www3\/wp-json\/wp\/v2\/posts\/9447?print=pdf\" class=\"pdfprnt-button pdfprnt-button-pdf\" target=\"_blank\" ><span class=\"pdfprnt-button-title pdfprnt-button-pdf-title\">Wersja do druku<\/span><\/a><\/div>","protected":false},"excerpt":{"rendered":"<p>Wyniki egzaminu zawodowego w formule 2017 i formule 2019 (kwalifikacje dwu- i trzyliterowe) b\u0119d\u0105 dost\u0119pne 27 marca 2026 r. od&#46;&#46;&#46;<\/p>\n","protected":false},"author":4,"featured_media":1232,"comment_status":"closed","ping_status":"closed","sticky":true,"template":"","format":"standard","meta":{"_editorskit_title_hidden":false,"_editorskit_reading_time":0,"_editorskit_is_block_options_detached":false,"_editorskit_block_options_position":"{}","footnotes":""},"categories":[6,9,68],"tags":[],"class_list":["post-9447","post","type-post","status-publish","format-standard","has-post-thumbnail","hentry","category-aktualnosci","category-ez","category-oke-2","sticky"],"publishpress_future_action":{"enabled":false,"date":"2026-05-09 11:18:14","action":"change-status","newStatus":"draft","terms":[],"taxonomy":"category","extraData":[]},"publishpress_future_workflow_manual_trigger":{"enabledWorkflows":[]},"_links":{"self":[{"href":"https:\/\/oke.jaworzno.pl\/www3\/wp-json\/wp\/v2\/posts\/9447","targetHints":{"allow":["GET"]}}],"collection":[{"href":"https:\/\/oke.jaworzno.pl\/www3\/wp-json\/wp\/v2\/posts"}],"about":[{"href":"https:\/\/oke.jaworzno.pl\/www3\/wp-json\/wp\/v2\/types\/post"}],"author":[{"embeddable":true,"href":"https:\/\/oke.jaworzno.pl\/www3\/wp-json\/wp\/v2\/users\/4"}],"replies":[{"embeddable":true,"href":"https:\/\/oke.jaworzno.pl\/www3\/wp-json\/wp\/v2\/comments?post=9447"}],"version-history":[{"count":7,"href":"https:\/\/oke.jaworzno.pl\/www3\/wp-json\/wp\/v2\/posts\/9447\/revisions"}],"predecessor-version":[{"id":9457,"href":"https:\/\/oke.jaworzno.pl\/www3\/wp-json\/wp\/v2\/posts\/9447\/revisions\/9457"}],"wp:featuredmedia":[{"embeddable":true,"href":"https:\/\/oke.jaworzno.pl\/www3\/wp-json\/wp\/v2\/media\/1232"}],"wp:attachment":[{"href":"https:\/\/oke.jaworzno.pl\/www3\/wp-json\/wp\/v2\/media?parent=9447"}],"wp:term":[{"taxonomy":"category","embeddable":true,"href":"https:\/\/oke.jaworzno.pl\/www3\/wp-json\/wp\/v2\/categories?post=9447"},{"taxonomy":"post_tag","embeddable":true,"href":"https:\/\/oke.jaworzno.pl\/www3\/wp-json\/wp\/v2\/tags?post=9447"}],"curies":[{"name":"wp","href":"https:\/\/api.w.org\/{rel}","templated":true}]}}